{"id":1274,"date":"2023-12-01T08:29:51","date_gmt":"2023-12-01T08:29:51","guid":{"rendered":"https:\/\/ficcionclimatica.com\/?p=1274"},"modified":"2023-12-01T08:30:58","modified_gmt":"2023-12-01T08:30:58","slug":"mariposa","status":"publish","type":"post","link":"https:\/\/ficcionclimatica.com\/?p=1274","title":{"rendered":"Mariposa, un cuento Cli-fi"},"content":{"rendered":"\n<p><strong>Por Luis Azor\u00edn<\/strong><\/p>\n\n\n\n<p>Me sobresalta, como a otros viajeros que miraban absortos sus tel\u00e9fonos m\u00f3viles, el torpe vuelo de una mariposa en el vag\u00f3n, que surge de repente. Incluso un hombre, con las primeras palabras que oigo desde que sub\u00ed al tren, pide disculpas a la viajera que se sienta junto a \u00e9l, por si le ha asustado con el grito que ha dado al sorprenderle la presencia del insecto.<\/p>\n\n\n\n<p>Se trata de una mariposa monarca, seg\u00fan veo en la pantalla del m\u00f3vil de la persona que viaja sentada junto a m\u00ed, que inmediatamente ha abierto una aplicaci\u00f3n de identificaci\u00f3n de especies de fauna.<\/p>\n\n\n\n<p>No es la primera vez que pasa, de hecho, empieza a ser habitual, tanto en trenes, autobuses, casas\u2026 Y no solo mariposas, tambi\u00e9n mariquitas, saltamontes, lib\u00e9lulas, y lo que es peor, abejas o abejorros, que como te descuides, te pican.&nbsp;<\/p>\n\n\n\n<p>En la tele hablaban de estudios cient\u00edficos que explicaban el fen\u00f3meno que estar\u00eda causado por el aumento de las temperaturas. El hecho de que este incremento estuviera afectando a la supervivencia de muchas especies de insectos, las estar\u00eda empujando a colonizar nuevos h\u00e1bitats m\u00e1s frescos, como los lugares que mantenemos climatizados para poder soportar el calor.<\/p>\n\n\n\n<p>Tambi\u00e9n hablaban de otra explicaci\u00f3n, aunque sin base cient\u00edfica. Son teor\u00edas m\u00e1s espirituales, de gente de la <em>New New Age<\/em>, o por el estilo. Hablan de que los insectos se acercan a nosotros para recordarnos que somos parte de la naturaleza, e invitarnos a vivir en armon\u00eda con ella. Como o\u00ed en un mon\u00f3logo que me mandaron, \u201cno me pareci\u00f3 muy amistoso el acercamiento de la abeja que el otro d\u00eda, entro en mi casa, y me pic\u00f3 en el culo\u201d.<\/p>\n\n\n\n<p>Hace rato que el tren sali\u00f3 del t\u00fanel, y ahora circula por la periferia de la ciudad. El paisaje recuerda a un descampado, con pocos \u00e1rboles, casi todos secos, como la escasa vegetaci\u00f3n que rodea escombros y residuos vertidos indiscriminadamente sobre un suelo cuarteado por la sequ\u00eda. En esta parte del trayecto, suelo cerrar los ojos para descansar un rato antes de llegar al trabajo.<\/p>\n\n\n\n<p>Adem\u00e1s, he pasado mala noche y no he descansado bien. He tenido pesadillas y sue\u00f1os recurrentes. Ha debido ser por la pel\u00edcula que vi ayer, una distop\u00eda un tanto desagradable. Deb\u00ed haber optado por algo m\u00e1s amable.<\/p>\n\n\n\n<p>Abro los ojos, estoy a punto de llegar. Mis pensamientos han fluido sin rumbo, aunque han acabado llev\u00e1ndome a una pregunta que me surge, \u00bfc\u00f3mo ser\u00e1n las distop\u00edas dentro de quince a\u00f1os, cuando mi hija empiece a ver ese tipo de pel\u00edculas?<\/p>\n\n\n\n<p><em>Luis Azor\u00edn<\/em><\/p>\n","protected":false},"excerpt":{"rendered":"<p>Por Luis Azor\u00edn Me sobresalta, como a otros viajeros que miraban absortos sus tel\u00e9fonos m\u00f3viles,&#8230;<\/p>\n","protected":false},"author":1,"featured_media":1276,"comment_status":"open","ping_status":"open","sticky":false,"template":"","format":"standard","meta":{"footnotes":""},"categories":[24],"tags":[72],"class_list":["post-1274","post","type-post","status-publish","format-standard","has-post-thumbnail","hentry","category-literatura","tag-cuento"],"featured_image_urls":{"full":["https:\/\/ficcionclimatica.com\/wp-content\/uploads\/2023\/12\/Screenshot_20231201_092844.jpg",1554,1049,false],"thumbnail":["https:\/\/ficcionclimatica.com\/wp-content\/uploads\/2023\/12\/Screenshot_20231201_092844-150x150.jpg",150,150,true],"medium":["https:\/\/ficcionclimatica.com\/wp-content\/uploads\/2023\/12\/Screenshot_20231201_092844-300x203.jpg",300,203,true],"medium_large":["https:\/\/ficcionclimatica.com\/wp-content\/uploads\/2023\/12\/Screenshot_20231201_092844-768x518.jpg",640,432,true],"large":["https:\/\/ficcionclimatica.com\/wp-content\/uploads\/2023\/12\/Screenshot_20231201_092844-1024x691.jpg",640,432,true],"1536x1536":["https:\/\/ficcionclimatica.com\/wp-content\/uploads\/2023\/12\/Screenshot_20231201_092844-1536x1037.jpg",1536,1037,true],"2048x2048":["https:\/\/ficcionclimatica.com\/wp-content\/uploads\/2023\/12\/Screenshot_20231201_092844.jpg",1554,1049,false],"newsever-slider-full":["https:\/\/ficcionclimatica.com\/wp-content\/uploads\/2023\/12\/Screenshot_20231201_092844-1280x845.jpg",1280,845,true],"newsever-featured":["https:\/\/ficcionclimatica.com\/wp-content\/uploads\/2023\/12\/Screenshot_20231201_092844-1024x691.jpg",1024,691,true],"newsever-medium":["https:\/\/ficcionclimatica.com\/wp-content\/uploads\/2023\/12\/Screenshot_20231201_092844-720x475.jpg",720,475,true]},"author_info":{"display_name":"CF","author_link":"https:\/\/ficcionclimatica.com\/?author=1"},"category_info":"<a href=\"https:\/\/ficcionclimatica.com\/?cat=24\" rel=\"category\">Literatura Cli-fi<\/a>","tag_info":"Literatura Cli-fi","comment_count":"2","_links":{"self":[{"href":"https:\/\/ficcionclimatica.com\/index.php?rest_route=\/wp\/v2\/posts\/1274","targetHints":{"allow":["GET"]}}],"collection":[{"href":"https:\/\/ficcionclimatica.com\/index.php?rest_route=\/wp\/v2\/posts"}],"about":[{"href":"https:\/\/ficcionclimatica.com\/index.php?rest_route=\/wp\/v2\/types\/post"}],"author":[{"embeddable":true,"href":"https:\/\/ficcionclimatica.com\/index.php?rest_route=\/wp\/v2\/users\/1"}],"replies":[{"embeddable":true,"href":"https:\/\/ficcionclimatica.com\/index.php?rest_route=%2Fwp%2Fv2%2Fcomments&post=1274"}],"version-history":[{"count":2,"href":"https:\/\/ficcionclimatica.com\/index.php?rest_route=\/wp\/v2\/posts\/1274\/revisions"}],"predecessor-version":[{"id":1278,"href":"https:\/\/ficcionclimatica.com\/index.php?rest_route=\/wp\/v2\/posts\/1274\/revisions\/1278"}],"wp:featuredmedia":[{"embeddable":true,"href":"https:\/\/ficcionclimatica.com\/index.php?rest_route=\/wp\/v2\/media\/1276"}],"wp:attachment":[{"href":"https:\/\/ficcionclimatica.com\/index.php?rest_route=%2Fwp%2Fv2%2Fmedia&parent=1274"}],"wp:term":[{"taxonomy":"category","embeddable":true,"href":"https:\/\/ficcionclimatica.com\/index.php?rest_route=%2Fwp%2Fv2%2Fcategories&post=1274"},{"taxonomy":"post_tag","embeddable":true,"href":"https:\/\/ficcionclimatica.com\/index.php?rest_route=%2Fwp%2Fv2%2Ftags&post=1274"}],"curies":[{"name":"wp","href":"https:\/\/api.w.org\/{rel}","templated":true}]}}