{"id":1509,"date":"2024-08-31T20:16:36","date_gmt":"2024-08-31T20:16:36","guid":{"rendered":"https:\/\/ficcionclimatica.com\/?p=1509"},"modified":"2024-09-01T10:26:24","modified_gmt":"2024-09-01T10:26:24","slug":"talleres-de-ficcion-climatica-para-repensar-el-futuro-a-pesar-del-cambio-climatico","status":"publish","type":"post","link":"https:\/\/ficcionclimatica.com\/?p=1509","title":{"rendered":"Talleres de ficci\u00f3n clim\u00e1tica para repensar el futuro a pesar del cambio clim\u00e1tico"},"content":{"rendered":"\n<h4 class=\"wp-block-heading\"><strong>La ficci\u00f3n clim\u00e1tica es un recurso especialmente valioso para sensibilizar sobre el cambio clim\u00e1tico.<\/strong> En esta web te ofrecemos distintos talleres en esa l\u00ednea. Estos recursos est\u00e1n disponibles <strong>en formato PDF y son de libre descarga. Dependiendo del taller permite trabajar la ficci\u00f3n clim\u00e1tica en distintos niveles formativos: Educaci\u00f3n Secundaria, Educaci\u00f3n Universitaria y educaci\u00f3n No Formal.<\/strong><\/h4>\n\n\n\n<h4 class=\"wp-block-heading\">Con estos materiales educativos nos proponemos los siguientes objetivos<strong>:<\/strong><\/h4>\n\n\n\n<h4 class=\"wp-block-heading\"><strong>1. Aumentar la sensibilizaci\u00f3n sobre el cambio clim\u00e1tico, dando a conocer los posibles escenarios que el Panel Intergubernamental sobre Cambio Clim\u00e1tico (IPCC) proyecta.<\/strong><\/h4>\n\n\n\n<h4 class=\"wp-block-heading\"><strong>2. Potenciar el subg\u00e9nero de la ficci\u00f3n clim\u00e1tica como tem\u00e1tica de inter\u00e9s cinematogr\u00e1fico.<\/strong><\/h4>\n\n\n\n<h4 class=\"wp-block-heading\"><strong>3. Potenciar actividades de orientaci\u00f3n laboral y profesional en el \u00e1mbito del cine de ficci\u00f3n.<\/strong><\/h4>\n\n\n\n<h4 class=\"wp-block-heading\"><strong>4. Generar y depurar materiales did\u00e1cticos espec\u00edficos para trabajar el cambio clim\u00e1tico de forma creativa y propositiva en el aula.<\/strong><\/h4>\n\n\n\n<h4 class=\"wp-block-heading\"><strong>5. Intercambiar recursos y experiencias docentes entre el profesorado para tratar la comunicaci\u00f3n medioambiental en el aula.<\/strong><\/h4>\n\n\n\n<h2 class=\"wp-block-heading\"><a href=\"https:\/\/ficcionclimatica.com\/?page_id=1429\">Descarga desde esta p\u00e1gina los PDF<\/a> ><\/h2>\n","protected":false},"excerpt":{"rendered":"<p>La ficci\u00f3n clim\u00e1tica es un recurso especialmente valioso para sensibilizar sobre el cambio clim\u00e1tico. En&#8230;<\/p>\n","protected":false},"author":1,"featured_media":1510,"comment_status":"open","ping_status":"open","sticky":false,"template":"","format":"standard","meta":{"footnotes":""},"categories":[79],"tags":[],"class_list":["post-1509","post","type-post","status-publish","format-standard","has-post-thumbnail","hentry","category-talleres-y-formacion"],"featured_image_urls":{"full":["https:\/\/ficcionclimatica.com\/wp-content\/uploads\/2024\/07\/TALLERES.png",1122,606,false],"thumbnail":["https:\/\/ficcionclimatica.com\/wp-content\/uploads\/2024\/07\/TALLERES-150x150.png",150,150,true],"medium":["https:\/\/ficcionclimatica.com\/wp-content\/uploads\/2024\/07\/TALLERES-300x162.png",300,162,true],"medium_large":["https:\/\/ficcionclimatica.com\/wp-content\/uploads\/2024\/07\/TALLERES-768x415.png",640,346,true],"large":["https:\/\/ficcionclimatica.com\/wp-content\/uploads\/2024\/07\/TALLERES-1024x553.png",640,346,true],"1536x1536":["https:\/\/ficcionclimatica.com\/wp-content\/uploads\/2024\/07\/TALLERES.png",1122,606,false],"2048x2048":["https:\/\/ficcionclimatica.com\/wp-content\/uploads\/2024\/07\/TALLERES.png",1122,606,false],"newsever-slider-full":["https:\/\/ficcionclimatica.com\/wp-content\/uploads\/2024\/07\/TALLERES.png",1122,606,false],"newsever-featured":["https:\/\/ficcionclimatica.com\/wp-content\/uploads\/2024\/07\/TALLERES-1024x553.png",1024,553,true],"newsever-medium":["https:\/\/ficcionclimatica.com\/wp-content\/uploads\/2024\/07\/TALLERES-720x475.png",720,475,true]},"author_info":{"display_name":"CF","author_link":"https:\/\/ficcionclimatica.com\/?author=1"},"category_info":"<a href=\"https:\/\/ficcionclimatica.com\/?cat=79\" rel=\"category\">Talleres y formaci\u00f3n<\/a>","tag_info":"Talleres y formaci\u00f3n","comment_count":"1","_links":{"self":[{"href":"https:\/\/ficcionclimatica.com\/index.php?rest_route=\/wp\/v2\/posts\/1509","targetHints":{"allow":["GET"]}}],"collection":[{"href":"https:\/\/ficcionclimatica.com\/index.php?rest_route=\/wp\/v2\/posts"}],"about":[{"href":"https:\/\/ficcionclimatica.com\/index.php?rest_route=\/wp\/v2\/types\/post"}],"author":[{"embeddable":true,"href":"https:\/\/ficcionclimatica.com\/index.php?rest_route=\/wp\/v2\/users\/1"}],"replies":[{"embeddable":true,"href":"https:\/\/ficcionclimatica.com\/index.php?rest_route=%2Fwp%2Fv2%2Fcomments&post=1509"}],"version-history":[{"count":1,"href":"https:\/\/ficcionclimatica.com\/index.php?rest_route=\/wp\/v2\/posts\/1509\/revisions"}],"predecessor-version":[{"id":1511,"href":"https:\/\/ficcionclimatica.com\/index.php?rest_route=\/wp\/v2\/posts\/1509\/revisions\/1511"}],"wp:featuredmedia":[{"embeddable":true,"href":"https:\/\/ficcionclimatica.com\/index.php?rest_route=\/wp\/v2\/media\/1510"}],"wp:attachment":[{"href":"https:\/\/ficcionclimatica.com\/index.php?rest_route=%2Fwp%2Fv2%2Fmedia&parent=1509"}],"wp:term":[{"taxonomy":"category","embeddable":true,"href":"https:\/\/ficcionclimatica.com\/index.php?rest_route=%2Fwp%2Fv2%2Fcategories&post=1509"},{"taxonomy":"post_tag","embeddable":true,"href":"https:\/\/ficcionclimatica.com\/index.php?rest_route=%2Fwp%2Fv2%2Ftags&post=1509"}],"curies":[{"name":"wp","href":"https:\/\/api.w.org\/{rel}","templated":true}]}}