{"id":1581,"date":"2025-05-03T20:09:32","date_gmt":"2025-05-03T20:09:32","guid":{"rendered":"https:\/\/ficcionclimatica.com\/?p=1581"},"modified":"2025-05-26T13:06:15","modified_gmt":"2025-05-26T13:06:15","slug":"ficcion-climatica-en-cccc-2025","status":"publish","type":"post","link":"https:\/\/ficcionclimatica.com\/?p=1581","title":{"rendered":"Debate sobre Ficci\u00f3n Clim\u00e1tica en CCCC 2025"},"content":{"rendered":"\t\t<div data-elementor-type=\"wp-post\" data-elementor-id=\"1581\" class=\"elementor elementor-1581\" data-elementor-settings=\"[]\">\n\t\t\t\t\t\t\t<div class=\"elementor-section-wrap\">\n\t\t\t\t\t\t\t<section class=\"elementor-section elementor-top-section elementor-element elementor-element-104bd6ac elementor-section-boxed elementor-section-height-default elementor-section-height-default\" data-id=\"104bd6ac\" data-element_type=\"section\">\n\t\t\t\t\t\t<div class=\"elementor-container elementor-column-gap-default\">\n\t\t\t\t\t<div class=\"elementor-column elementor-col-100 elementor-top-column elementor-element elementor-element-3fd193c0\" data-id=\"3fd193c0\" data-element_type=\"column\">\n\t\t\t<div class=\"elementor-widget-wrap elementor-element-populated\">\n\t\t\t\t\t\t\t\t<div class=\"elementor-element elementor-element-9cd0a45 elementor-widget elementor-widget-text-editor\" data-id=\"9cd0a45\" data-element_type=\"widget\" data-widget_type=\"text-editor.default\">\n\t\t\t\t<div class=\"elementor-widget-container\">\n\t\t\t<style>\/*! elementor - v3.5.4 - 23-01-2022 *\/\n.elementor-widget-text-editor.elementor-drop-cap-view-stacked .elementor-drop-cap{background-color:#818a91;color:#fff}.elementor-widget-text-editor.elementor-drop-cap-view-framed .elementor-drop-cap{color:#818a91;border:3px solid;background-color:transparent}.elementor-widget-text-editor:not(.elementor-drop-cap-view-default) .elementor-drop-cap{margin-top:8px}.elementor-widget-text-editor:not(.elementor-drop-cap-view-default) .elementor-drop-cap-letter{width:1em;height:1em}.elementor-widget-text-editor .elementor-drop-cap{float:left;text-align:center;line-height:1;font-size:50px}.elementor-widget-text-editor .elementor-drop-cap-letter{display:inline-block}<\/style>\t\t\t\t<!-- wp:paragraph -->\n<p><img loading=\"lazy\" decoding=\"async\" class=\"alignnone size-full wp-image-1583\" src=\"https:\/\/ficcionclimatica.com\/wp-content\/uploads\/2025\/05\/BANDA-CARTEL.png\" alt=\"\" width=\"2500\" height=\"632\" srcset=\"https:\/\/ficcionclimatica.com\/wp-content\/uploads\/2025\/05\/BANDA-CARTEL.png 2500w, https:\/\/ficcionclimatica.com\/wp-content\/uploads\/2025\/05\/BANDA-CARTEL-300x76.png 300w, https:\/\/ficcionclimatica.com\/wp-content\/uploads\/2025\/05\/BANDA-CARTEL-1024x259.png 1024w, https:\/\/ficcionclimatica.com\/wp-content\/uploads\/2025\/05\/BANDA-CARTEL-768x194.png 768w, https:\/\/ficcionclimatica.com\/wp-content\/uploads\/2025\/05\/BANDA-CARTEL-1536x388.png 1536w, https:\/\/ficcionclimatica.com\/wp-content\/uploads\/2025\/05\/BANDA-CARTEL-2048x518.png 2048w\" sizes=\"auto, (max-width: 2500px) 100vw, 2500px\" \/><\/p>\n<!-- \/wp:paragraph --><!-- wp:paragraph -->\n<p>\u00a0<\/p>\n<!-- \/wp:paragraph -->\t\t\t\t\t\t<\/div>\n\t\t\t\t<\/div>\n\t\t\t\t\t<\/div>\n\t\t<\/div>\n\t\t\t\t\t\t\t<\/div>\n\t\t<\/section>\n\t\t\t\t<section class=\"elementor-section elementor-top-section elementor-element elementor-element-c35504b elementor-section-boxed elementor-section-height-default elementor-section-height-default\" data-id=\"c35504b\" data-element_type=\"section\">\n\t\t\t\t\t\t<div class=\"elementor-container elementor-column-gap-default\">\n\t\t\t\t\t<div class=\"elementor-column elementor-col-100 elementor-top-column elementor-element elementor-element-d80e4df\" data-id=\"d80e4df\" data-element_type=\"column\">\n\t\t\t<div class=\"elementor-widget-wrap elementor-element-populated\">\n\t\t\t\t\t\t\t\t<div class=\"elementor-element elementor-element-ab89605 elementor-widget elementor-widget-text-editor\" data-id=\"ab89605\" data-element_type=\"widget\" data-widget_type=\"text-editor.default\">\n\t\t\t\t<div class=\"elementor-widget-container\">\n\t\t\t\t\t\t\t<p><span style=\"color: #ffffff;\">En el marco del 4\u00aa Congreso Internacional de Comunicaci\u00f3n del Cambio Clim\u00e1tico (CCCC 2025) se celebr\u00f3 una mesa espec\u00edfica sobre la ficci\u00f3n clim\u00e1tica, aqu\u00ed tienes el v\u00eddeo completo:<\/span><\/p>\n<p><span style=\"color: #ffffff;\">\u00a0<\/span><\/p>\n\n<iframe loading=\"lazy\" width=\"560\" height=\"315\" src=\"https:\/\/www.youtube.com\/embed\/zQm5-Ib5XbM?si=a9Igd8B1PlyC7qnb&amp;start=14771\" title=\"YouTube video player\" frameborder=\"0\" allow=\"accelerometer; autoplay; clipboard-write; encrypted-media; gyroscope; picture-in-picture; web-share\" referrerpolicy=\"strict-origin-when-cross-origin\" allowfullscreen><\/iframe>\n\n<p><span style=\"color: #ffffff;\">\u00a0<\/span><\/p>\n<h4 class=\"western\"><span style=\"color: #ff9900;\"><strong><span style=\"font-family: Montserrat;\"><b>Mi\u00e9rcoles 7 de mayo de 2025<br \/>12,<\/b><\/span><\/strong><strong><span style=\"font-family: Montserrat;\"><b>45<\/b><\/span><\/strong><strong><span style=\"font-family: Montserrat;\"><b>h &#8211; 14,00h.\u00a0Panel session 10. Conversatorio sobre\u00a0<\/b><\/span><\/strong><strong><span style=\"font-family: Montserrat;\"><b>la\u00a0<\/b><\/span><\/strong><strong><span style=\"font-family: Montserrat;\"><b>Ficci\u00f3n Clim\u00e1tica<\/b><\/span><\/strong><\/span><\/h4>\n<p><span style=\"color: #ff9900;\"><strong><span style=\"font-family: Montserrat;\">Este panel es un debate que aborda\u00a0<\/span><\/strong><strong><span style=\"font-family: Montserrat;\">y compara las caracter\u00edsticas de\u00a0<\/span><\/strong><strong><span style=\"font-family: Montserrat;\">distintas formas de ficci\u00f3n clim\u00e1tica<\/span><\/strong><strong><span style=\"font-family: Montserrat;\">: ficci\u00f3n<\/span><\/strong><strong><span style=\"font-family: Montserrat;\">\u00a0literaria,\u00a0<\/span><\/strong><strong><span style=\"font-family: Montserrat;\">ficci\u00f3n\u00a0<\/span><\/strong><strong><span style=\"font-family: Montserrat;\">cinematogr\u00e1fica y narrativas l\u00fadicas o videojuegos.\u00a0<\/span><\/strong><strong><span style=\"font-family: Montserrat;\">Son soportes culturales de gran peso y tradici\u00f3n que permiten\u00a0<\/span><\/strong><strong><span style=\"font-family: Montserrat;\">crear<\/span><\/strong><strong><span style=\"font-family: Montserrat;\">\u00a0en ellos<\/span><\/strong><strong><span style=\"font-family: Montserrat;\">\u00a0una narrativa\u00a0<\/span><\/strong><strong><span style=\"font-family: Montserrat;\">sobre el cambio clim\u00e1tico de una forma atractiva y sugerente.<\/span><\/strong><\/span><\/p>\n<p><span style=\"color: #ff9900;\"><strong><span style=\"font-family: Montserrat;\"><b>Participan:\u00a0<\/b><\/span><\/strong><strong><span style=\"font-family: Montserrat;\"><em>Ga<\/em><\/span><\/strong><strong><span style=\"font-family: Montserrat;\"><em>l<\/em><\/span><\/strong><strong><span style=\"font-family: Montserrat;\"><em>a Arias (Universidad Aut\u00f3noma<\/em><\/span><\/strong><strong><span style=\"font-family: Montserrat;\"><em>\u00a0de Madrid, UAM<\/em><\/span><\/strong><strong><span style=\"font-family: Montserrat;\"><em>), Raul Urquiaga (Universidad de Castilla la Mancha<\/em><\/span><\/strong><strong><span style=\"font-family: Montserrat;\"><em>, UCLM<\/em><\/span><\/strong><strong><span style=\"font-family: Montserrat;\"><em>) y Sergio Guti\u00e9rrez Manj\u00f3n (U<\/em><\/span><\/strong><strong><span style=\"font-family: Montserrat;\"><em>niversidad\u00a0<\/em><\/span><\/strong><strong><span style=\"font-family: Montserrat;\"><em>C<\/em><\/span><\/strong><strong><span style=\"font-family: Montserrat;\"><em>omplutense de\u00a0<\/em><\/span><\/strong><strong><span style=\"font-family: Montserrat;\"><em>M<\/em><\/span><\/strong><strong><span style=\"font-family: Montserrat;\"><em>adrid<\/em><\/span><\/strong><strong><span style=\"font-family: Montserrat;\"><em>)<\/em><\/span><\/strong><strong><span style=\"font-family: Montserrat;\"><em>.<\/em><\/span><\/strong><\/span><\/p>\n<p><span style=\"color: #ffffff;\">CCCC 2025 trata de generar un espacio acad\u00e9mico donde los distintos agentes implicados en los procesos comunicativos sobre el cambio clim\u00e1tico cooperen e intercambien herramientas, investigaciones y metodolog\u00edas en este \u00e1rea. El Congreso est\u00e1 organizado en la Facultad de Ciencias de la Informaci\u00f3n de la Universidad Complutense de Madrid.<\/span><\/p>\n<h4><span style=\"color: #ff9900;\">Programa completo de CCCC 2025: <br \/><a style=\"color: #ff9900;\" href=\"https:\/\/cccc.media\/schedule\/\">https:\/\/cccc.media\/schedule<\/a><\/span><\/h4>\n<p>&nbsp;<\/p>\t\t\t\t\t\t<\/div>\n\t\t\t\t<\/div>\n\t\t\t\t\t<\/div>\n\t\t<\/div>\n\t\t\t\t\t\t\t<\/div>\n\t\t<\/section>\n\t\t\t\t\t\t<\/div>\n\t\t\t\t\t<\/div>\n\t\t","protected":false},"excerpt":{"rendered":"<p>\u00a0 En el marco del 4\u00aa Congreso Internacional de Comunicaci\u00f3n del Cambio Clim\u00e1tico (CCCC 2025)&#8230;<\/p>\n","protected":false},"author":1,"featured_media":1597,"comment_status":"closed","ping_status":"closed","sticky":false,"template":"","format":"standard","meta":{"footnotes":""},"categories":[25,26,30,24],"tags":[],"class_list":["post-1581","post","type-post","status-publish","format-standard","has-post-thumbnail","hentry","category-cine","category-comic","category-imagen-cli-fi","category-literatura"],"featured_image_urls":{"full":["https:\/\/ficcionclimatica.com\/wp-content\/uploads\/2025\/05\/cajamorada-dedos-CCCC2025.jpg",1385,896,false],"thumbnail":["https:\/\/ficcionclimatica.com\/wp-content\/uploads\/2025\/05\/cajamorada-dedos-CCCC2025-150x150.jpg",150,150,true],"medium":["https:\/\/ficcionclimatica.com\/wp-content\/uploads\/2025\/05\/cajamorada-dedos-CCCC2025-300x194.jpg",300,194,true],"medium_large":["https:\/\/ficcionclimatica.com\/wp-content\/uploads\/2025\/05\/cajamorada-dedos-CCCC2025-768x497.jpg",640,414,true],"large":["https:\/\/ficcionclimatica.com\/wp-content\/uploads\/2025\/05\/cajamorada-dedos-CCCC2025-1024x662.jpg",640,414,true],"1536x1536":["https:\/\/ficcionclimatica.com\/wp-content\/uploads\/2025\/05\/cajamorada-dedos-CCCC2025.jpg",1385,896,false],"2048x2048":["https:\/\/ficcionclimatica.com\/wp-content\/uploads\/2025\/05\/cajamorada-dedos-CCCC2025.jpg",1385,896,false],"newsever-slider-full":["https:\/\/ficcionclimatica.com\/wp-content\/uploads\/2025\/05\/cajamorada-dedos-CCCC2025-1280x845.jpg",1280,845,true],"newsever-featured":["https:\/\/ficcionclimatica.com\/wp-content\/uploads\/2025\/05\/cajamorada-dedos-CCCC2025-1024x662.jpg",1024,662,true],"newsever-medium":["https:\/\/ficcionclimatica.com\/wp-content\/uploads\/2025\/05\/cajamorada-dedos-CCCC2025-720x475.jpg",720,475,true]},"author_info":{"display_name":"CF","author_link":"https:\/\/ficcionclimatica.com\/?author=1"},"category_info":"<a href=\"https:\/\/ficcionclimatica.com\/?cat=25\" rel=\"category\">Cine y TV Cli-fi<\/a> <a href=\"https:\/\/ficcionclimatica.com\/?cat=26\" rel=\"category\">C\u00f3mic Cli-fi<\/a> <a href=\"https:\/\/ficcionclimatica.com\/?cat=30\" rel=\"category\">Imagen Cli-fi<\/a> <a href=\"https:\/\/ficcionclimatica.com\/?cat=24\" rel=\"category\">Literatura Cli-fi<\/a>","tag_info":"Literatura Cli-fi","comment_count":"0","_links":{"self":[{"href":"https:\/\/ficcionclimatica.com\/index.php?rest_route=\/wp\/v2\/posts\/1581","targetHints":{"allow":["GET"]}}],"collection":[{"href":"https:\/\/ficcionclimatica.com\/index.php?rest_route=\/wp\/v2\/posts"}],"about":[{"href":"https:\/\/ficcionclimatica.com\/index.php?rest_route=\/wp\/v2\/types\/post"}],"author":[{"embeddable":true,"href":"https:\/\/ficcionclimatica.com\/index.php?rest_route=\/wp\/v2\/users\/1"}],"replies":[{"embeddable":true,"href":"https:\/\/ficcionclimatica.com\/index.php?rest_route=%2Fwp%2Fv2%2Fcomments&post=1581"}],"version-history":[{"count":24,"href":"https:\/\/ficcionclimatica.com\/index.php?rest_route=\/wp\/v2\/posts\/1581\/revisions"}],"predecessor-version":[{"id":1662,"href":"https:\/\/ficcionclimatica.com\/index.php?rest_route=\/wp\/v2\/posts\/1581\/revisions\/1662"}],"wp:featuredmedia":[{"embeddable":true,"href":"https:\/\/ficcionclimatica.com\/index.php?rest_route=\/wp\/v2\/media\/1597"}],"wp:attachment":[{"href":"https:\/\/ficcionclimatica.com\/index.php?rest_route=%2Fwp%2Fv2%2Fmedia&parent=1581"}],"wp:term":[{"taxonomy":"category","embeddable":true,"href":"https:\/\/ficcionclimatica.com\/index.php?rest_route=%2Fwp%2Fv2%2Fcategories&post=1581"},{"taxonomy":"post_tag","embeddable":true,"href":"https:\/\/ficcionclimatica.com\/index.php?rest_route=%2Fwp%2Fv2%2Ftags&post=1581"}],"curies":[{"name":"wp","href":"https:\/\/api.w.org\/{rel}","templated":true}]}}